{"id":931,"date":"2019-03-01T10:08:52","date_gmt":"2019-03-01T08:08:52","guid":{"rendered":"http:\/\/www.maxdorfer-geschichte.de\/?p=931"},"modified":"2019-03-01T10:11:06","modified_gmt":"2019-03-01T08:11:06","slug":"nur-noch-geschichte","status":"publish","type":"post","link":"https:\/\/www.maxdorfer-geschichte.de\/?p=931","title":{"rendered":"Nur noch Geschichte"},"content":{"rendered":"\n<p>Mit\nungl\u00e4ubigem Staunen konnte man am 22. Januar 2019 in der Rheinpfalz lesen, was\nam Vortag auf dem Gel\u00e4nde des Gro\u00dfmarktes in Maxdorf geschehen war.<\/p>\n\n\n\n<p>Das\nehemalige Versteigerungsgeb\u00e4ude des Obst &#8211; und Gem\u00fcsegro\u00dfmarktes Maxdorf, im Jahr\n1959 in Betrieb gegangen, wurde abgerissen!<\/p>\n\n\n\n<p>Ein weit \u00fcber die Grenzen von Maxdorf hinaus bekanntes Geb\u00e4ude existiert nicht mehr, ist jetzt &#8211; nur noch Geschichte!<\/p>\n\n\n\n<figure class=\"wp-block-image\"><img loading=\"lazy\" decoding=\"async\" width=\"867\" height=\"594\" src=\"http:\/\/www.maxdorfer-geschichte.de\/wp-content\/uploads\/2019\/03\/Grossmarkt.jpg\" alt=\"\" class=\"wp-image-932\" srcset=\"https:\/\/www.maxdorfer-geschichte.de\/wp-content\/uploads\/2019\/03\/Grossmarkt.jpg 867w, https:\/\/www.maxdorfer-geschichte.de\/wp-content\/uploads\/2019\/03\/Grossmarkt-300x206.jpg 300w, https:\/\/www.maxdorfer-geschichte.de\/wp-content\/uploads\/2019\/03\/Grossmarkt-768x526.jpg 768w\" sizes=\"auto, (max-width: 867px) 100vw, 867px\" \/><figcaption>Landwirte fahren mit ihrem Gem\u00fcse zur Versteigerung <\/figcaption><\/figure>\n\n\n\n<p>Nichts\nerinnert mehr daran, nicht einmal ein kleines Erinnerungsst\u00fcck wird, au\u00dfer\nalten Fotografien, der Nachwelt erhalten bleiben. Selbst die Auktionsuhr aus\nder Versteigerungshalle, welche die Preise f\u00fcr das gesteigerte Gem\u00fcse und Obst\nangezeigt, hat ist nicht mehr in Maxdorf zu finden. Diese hat ein Landwirt aus einem\nNachbarort gerettet und bewahrt sie in seiner Scheune auf.<\/p>\n\n\n\n<p>Es\nf\u00fcgt sich ein in die Liste der Geb\u00e4ude, welche in Maxdorf der Spitzhacke\ngeopfert wurden. Egal, ob altes Rathaus, die ehemalige Schule in der\nHauptstra\u00dfe, oder zuletzt die ehemaligen Lehrerh\u00e4user in der Hauptstra\u00dfe,\nkeines der genannten Objekte aus der Geschichte von Maxdorf wurde erhalten. <\/p>\n\n\n\n<p>Auch\nwenn der Abriss eines Geb\u00e4udes aus wirtschaftlicher Sicht notwendig erscheint,\ngeht man so mit Geschichte um? Gibt es wirklich keine Alternativen?<\/p>\n\n\n\n<p>Es\nscheint nur eine Frage der Zeit, bis weitere Geb\u00e4ude das gleiche Schicksal\nereilt.<\/p>\n\n\n\n<p>So bleibt f\u00fcr unsere Nachkommen nur die M\u00f6glichkeit, sich anhand von Erinnerungstafeln, welche durch den Verein gestaltet werden, \u00fcber die verschwundenen Objekte zu informieren.<\/p>\n\n\n\n<p>Lobenswert\nist deshalb das Engagement von Privatpersonen, welche alte H\u00e4user gekauft,\nrenoviert und so erhalten haben. Wie so etwas geht, kann man an diesen alten\nH\u00e4usern sehen.<\/p>\n\n\n\n<p>Bericht: Ferdinand Fiedler<\/p>\n","protected":false},"excerpt":{"rendered":"<p>Mit ungl\u00e4ubigem Staunen konnte man am 22. Januar 2019 in der Rheinpfalz lesen, was am Vortag auf dem Gel\u00e4nde des Gro\u00dfmarktes in Maxdorf geschehen war. Das ehemalige Versteigerungsgeb\u00e4ude des Obst &#8211; und Gem\u00fcsegro\u00dfmarktes Maxdorf, im Jahr 1959 in Betrieb gegangen, wurde abgerissen! Ein weit \u00fcber die Grenzen von Maxdorf hinaus bekanntes Geb\u00e4ude existiert nicht mehr, &hellip; <\/p>\n<p><a class=\"more-link btn\" href=\"https:\/\/www.maxdorfer-geschichte.de\/?p=931\">Weiterlesen<\/a><\/p>\n","protected":false},"author":3,"featured_media":0,"comment_status":"open","ping_status":"open","sticky":false,"template":"","format":"standard","meta":{"advgb_blocks_editor_width":"","advgb_blocks_columns_visual_guide":"","footnotes":""},"categories":[1,12],"tags":[82,83],"class_list":["post-931","post","type-post","status-publish","format-standard","hentry","category-allgemein","category-historische-gebaude","tag-grossmarkt","tag-versteigerungshalle","item-wrap"],"author_meta":{"display_name":"Bernd Lupberger","author_link":"https:\/\/www.maxdorfer-geschichte.de\/?author=3"},"featured_img":null,"coauthors":[],"tax_additional":{"categories":{"linked":["<a href=\"https:\/\/www.maxdorfer-geschichte.de\/?cat=1\" class=\"advgb-post-tax-term\">Allgemein<\/a>","<a href=\"https:\/\/www.maxdorfer-geschichte.de\/?cat=12\" class=\"advgb-post-tax-term\">Historische Geb\u00e4ude<\/a>"],"unlinked":["<span class=\"advgb-post-tax-term\">Allgemein<\/span>","<span class=\"advgb-post-tax-term\">Historische Geb\u00e4ude<\/span>"]},"tags":{"linked":["<a href=\"https:\/\/www.maxdorfer-geschichte.de\/?cat=12\" class=\"advgb-post-tax-term\">Gro\u00dfmarkt<\/a>","<a href=\"https:\/\/www.maxdorfer-geschichte.de\/?cat=12\" class=\"advgb-post-tax-term\">Versteigerungshalle<\/a>"],"unlinked":["<span class=\"advgb-post-tax-term\">Gro\u00dfmarkt<\/span>","<span class=\"advgb-post-tax-term\">Versteigerungshalle<\/span>"]}},"comment_count":"0","relative_dates":{"created":"Ver\u00f6ffentlicht 7\u00a0Jahren vor","modified":"Aktualisiert 7\u00a0Jahren vor"},"absolute_dates":{"created":"Ver\u00f6ffentlicht am 1. M\u00e4rz 2019","modified":"Aktualisiert am 1. M\u00e4rz 2019"},"absolute_dates_time":{"created":"Ver\u00f6ffentlicht am 1. M\u00e4rz 2019 10:08","modified":"Aktualisiert am 1. M\u00e4rz 2019 10:11"},"featured_img_caption":"","series_order":"","_links":{"self":[{"href":"https:\/\/www.maxdorfer-geschichte.de\/index.php?rest_route=\/wp\/v2\/posts\/931","targetHints":{"allow":["GET"]}}],"collection":[{"href":"https:\/\/www.maxdorfer-geschichte.de\/index.php?rest_route=\/wp\/v2\/posts"}],"about":[{"href":"https:\/\/www.maxdorfer-geschichte.de\/index.php?rest_route=\/wp\/v2\/types\/post"}],"author":[{"embeddable":true,"href":"https:\/\/www.maxdorfer-geschichte.de\/index.php?rest_route=\/wp\/v2\/users\/3"}],"replies":[{"embeddable":true,"href":"https:\/\/www.maxdorfer-geschichte.de\/index.php?rest_route=%2Fwp%2Fv2%2Fcomments&post=931"}],"version-history":[{"count":3,"href":"https:\/\/www.maxdorfer-geschichte.de\/index.php?rest_route=\/wp\/v2\/posts\/931\/revisions"}],"predecessor-version":[{"id":1285,"href":"https:\/\/www.maxdorfer-geschichte.de\/index.php?rest_route=\/wp\/v2\/posts\/931\/revisions\/1285"}],"wp:attachment":[{"href":"https:\/\/www.maxdorfer-geschichte.de\/index.php?rest_route=%2Fwp%2Fv2%2Fmedia&parent=931"}],"wp:term":[{"taxonomy":"category","embeddable":true,"href":"https:\/\/www.maxdorfer-geschichte.de\/index.php?rest_route=%2Fwp%2Fv2%2Fcategories&post=931"},{"taxonomy":"post_tag","embeddable":true,"href":"https:\/\/www.maxdorfer-geschichte.de\/index.php?rest_route=%2Fwp%2Fv2%2Ftags&post=931"}],"curies":[{"name":"wp","href":"https:\/\/api.w.org\/{rel}","templated":true}]}}