{"id":925,"date":"2019-02-19T14:25:07","date_gmt":"2019-02-19T12:25:07","guid":{"rendered":"http:\/\/www.maxdorfer-geschichte.de\/?p=925"},"modified":"2019-02-19T14:25:45","modified_gmt":"2019-02-19T12:25:45","slug":"unsere-termine-2019","status":"publish","type":"post","link":"https:\/\/www.maxdorfer-geschichte.de\/?p=925","title":{"rendered":"Unsere Termine 2019"},"content":{"rendered":"\n<table class=\"wp-block-table\"><tbody><tr><td>Datum<\/td><td>Veranstaltung<\/td><td>Ort<\/td><\/tr><tr><td>13.03.2019<\/td><td>Vortrag\n  von Prof. Kunz: &#8222;Maximilian I. Joseph &#8211; Mensch und K\u00f6nig&#8220;<\/td><td>Carl-Bosch-Haus<\/td><\/tr><tr><td>28.03.2019<\/td><td>Mitgliederversammlung<\/td><td>Hauptstra\u00dfe 66a<\/td><\/tr><tr><td>04.05.2019<\/td><td>Festakt &#8222;200\n  Jahre Maxdorf&#8220;<\/td><td>Mensa\n  Lise-Meitner-Gymnasium<\/td><\/tr><tr><td>05.05.2019<\/td><td>Fotoausstellung und\n  Sonderpostamt<\/td><td>Mensa\n  Lise-Meitner-Gymnasium<\/td><\/tr><tr><td>04.09.2019<\/td><td>M\u00fcnzausstellung\n  f\u00fcr den Verein der Bayrischen Heimatpflege <br>\n    <\/td><td>Hauptstra\u00dfe 66a<\/td><\/tr><tr><td>12.09.2019 &#8211;\n  28.09.2019<\/td><td>M\u00fcnz-Ausstellung\n  &#8222;Max I. Joseph ganz in Silber&#8220;&nbsp;<\/td><td>RV Bank Rhein-Haardt<\/td><\/tr><tr><td>15.09.2019<\/td><td>Er\u00f6ffnung\n  Portrait-Ausstellung &#8222;50 x Max I. Joseph&#8220;<\/td><td>Atelier Hauck<\/td><\/tr><tr><td>21.09.2019 &#8211;\n  22.09.2019<\/td><td>Portrait-Ausstellung\n  &#8222;50 x Max I. Joseph&#8220;<\/td><td>Atelier Hauck<\/td><\/tr><tr><td>29.09.2019<\/td><td>Portrait-Ausstellung\n  &#8222;50 x Max I. Joseph&#8220;<\/td><td>Atelier Hauck<\/td><\/tr><tr><td>28.09.2019<\/td><td>Jubil\u00e4ums-Kerweumzug<\/td><\/tr><tr><td>18.09.2019 &#8211;\n  21.09.2019<\/td><td>Exkursion nach\n  M\u00fcnchen \u201eAuf den Spuren von Max I. Joseph&#8220; mit Prof. Kunz<\/td><\/tr><tr><td>03.11.2019<\/td><td>\u00d6kumenische\n  Orgelwanderung zu allen Kirchen der Ortsgemeinde mit Prof. Kunz<\/td><\/tr><\/tbody><\/table>\n","protected":false},"excerpt":{"rendered":"<p>Datum Veranstaltung Ort 13.03.2019 Vortrag von Prof. Kunz: &#8222;Maximilian I. Joseph &#8211; Mensch und K\u00f6nig&#8220; Carl-Bosch-Haus 28.03.2019 Mitgliederversammlung Hauptstra\u00dfe 66a 04.05.2019 Festakt &#8222;200 Jahre Maxdorf&#8220; Mensa Lise-Meitner-Gymnasium 05.05.2019 Fotoausstellung und Sonderpostamt Mensa Lise-Meitner-Gymnasium 04.09.2019 M\u00fcnzausstellung f\u00fcr den Verein der Bayrischen Heimatpflege Hauptstra\u00dfe 66a 12.09.2019 &#8211; 28.09.2019 M\u00fcnz-Ausstellung &#8222;Max I. Joseph ganz in Silber&#8220;&nbsp; RV Bank &hellip; <\/p>\n<p><a class=\"more-link btn\" href=\"https:\/\/www.maxdorfer-geschichte.de\/?p=925\">Weiterlesen<\/a><\/p>\n","protected":false},"author":3,"featured_media":0,"comment_status":"open","ping_status":"open","sticky":false,"template":"","format":"standard","meta":{"advgb_blocks_editor_width":"","advgb_blocks_columns_visual_guide":"","footnotes":""},"categories":[81],"tags":[80],"class_list":["post-925","post","type-post","status-publish","format-standard","hentry","category-veranstaltungen","tag-termine","item-wrap"],"author_meta":{"display_name":"Bernd Lupberger","author_link":"https:\/\/www.maxdorfer-geschichte.de\/?author=3"},"featured_img":null,"coauthors":[],"tax_additional":{"categories":{"linked":["<a href=\"https:\/\/www.maxdorfer-geschichte.de\/?cat=81\" class=\"advgb-post-tax-term\">Veranstaltungen<\/a>"],"unlinked":["<span class=\"advgb-post-tax-term\">Veranstaltungen<\/span>"]},"tags":{"linked":["<a href=\"https:\/\/www.maxdorfer-geschichte.de\/?cat=81\" class=\"advgb-post-tax-term\">Termine<\/a>"],"unlinked":["<span class=\"advgb-post-tax-term\">Termine<\/span>"]}},"comment_count":"0","relative_dates":{"created":"Ver\u00f6ffentlicht 7\u00a0Jahren vor","modified":"Aktualisiert 7\u00a0Jahren vor"},"absolute_dates":{"created":"Ver\u00f6ffentlicht am 19. Februar 2019","modified":"Aktualisiert am 19. Februar 2019"},"absolute_dates_time":{"created":"Ver\u00f6ffentlicht am 19. Februar 2019 14:25","modified":"Aktualisiert am 19. Februar 2019 14:25"},"featured_img_caption":"","series_order":"","_links":{"self":[{"href":"https:\/\/www.maxdorfer-geschichte.de\/index.php?rest_route=\/wp\/v2\/posts\/925","targetHints":{"allow":["GET"]}}],"collection":[{"href":"https:\/\/www.maxdorfer-geschichte.de\/index.php?rest_route=\/wp\/v2\/posts"}],"about":[{"href":"https:\/\/www.maxdorfer-geschichte.de\/index.php?rest_route=\/wp\/v2\/types\/post"}],"author":[{"embeddable":true,"href":"https:\/\/www.maxdorfer-geschichte.de\/index.php?rest_route=\/wp\/v2\/users\/3"}],"replies":[{"embeddable":true,"href":"https:\/\/www.maxdorfer-geschichte.de\/index.php?rest_route=%2Fwp%2Fv2%2Fcomments&post=925"}],"version-history":[{"count":4,"href":"https:\/\/www.maxdorfer-geschichte.de\/index.php?rest_route=\/wp\/v2\/posts\/925\/revisions"}],"predecessor-version":[{"id":1284,"href":"https:\/\/www.maxdorfer-geschichte.de\/index.php?rest_route=\/wp\/v2\/posts\/925\/revisions\/1284"}],"wp:attachment":[{"href":"https:\/\/www.maxdorfer-geschichte.de\/index.php?rest_route=%2Fwp%2Fv2%2Fmedia&parent=925"}],"wp:term":[{"taxonomy":"category","embeddable":true,"href":"https:\/\/www.maxdorfer-geschichte.de\/index.php?rest_route=%2Fwp%2Fv2%2Fcategories&post=925"},{"taxonomy":"post_tag","embeddable":true,"href":"https:\/\/www.maxdorfer-geschichte.de\/index.php?rest_route=%2Fwp%2Fv2%2Ftags&post=925"}],"curies":[{"name":"wp","href":"https:\/\/api.w.org\/{rel}","templated":true}]}}