{"id":835,"date":"2018-06-02T11:52:56","date_gmt":"2018-06-02T09:52:56","guid":{"rendered":"http:\/\/www.maxdorfer-geschichte.de\/?p=835"},"modified":"2018-06-02T11:55:18","modified_gmt":"2018-06-02T09:55:18","slug":"johann-conrad-buegel","status":"publish","type":"post","link":"https:\/\/www.maxdorfer-geschichte.de\/?p=835","title":{"rendered":"Johann Conrad B\u00fcgel"},"content":{"rendered":"<p><a href=\"http:\/\/www.maxdorfer-geschichte.de\/wp-content\/uploads\/2018\/06\/JohannConradBuegel.jpg\"><img loading=\"lazy\" decoding=\"async\" class=\"alignnone wp-image-836\" src=\"http:\/\/www.maxdorfer-geschichte.de\/wp-content\/uploads\/2018\/06\/JohannConradBuegel.jpg\" alt=\"\" width=\"284\" height=\"415\" srcset=\"https:\/\/www.maxdorfer-geschichte.de\/wp-content\/uploads\/2018\/06\/JohannConradBuegel.jpg 365w, https:\/\/www.maxdorfer-geschichte.de\/wp-content\/uploads\/2018\/06\/JohannConradBuegel-205x300.jpg 205w\" sizes=\"auto, (max-width: 284px) 100vw, 284px\" \/><\/a><\/p>\n<p>war das \u00e4lteste Kind von Johann Philipp B\u00fcgel und Anna Elisabeth Mildenberger und wurde am 19. April 1832 in Sondernheim bei Germersheim geboren.<\/p>\n<p>Als Staatsstra\u00dfenw\u00e4rter war er zuerst in Hardenburg t\u00e4tig und sp\u00e4ter in Maxdorf f\u00fcr die Stra\u00dfe zwischen Oggersheim und Maxdorf zust\u00e4ndig. Nach Maxdorf siedelte er in den 70er Jahren des 19. Jahrhunderts.<\/p>\n<p>Er war als energischer und strenger Gesetzesh\u00fcter bekannt. Mit sehr gro\u00dfem Engagement war er die eigentliche Triebfeder, f\u00fcr einen eigenen Kirchenbau in Maxdorf.<\/p>\n<p>Als Mitglied des Kirchenbauvereins, welcher eigens f\u00fcr das Sammeln von Geldmitteln zum Bau einer eigenen Kirche f\u00fcr Maxdorf gegr\u00fcndet wurde, bekam er auch Geldmittel aus dem eigenen Familienkreis aus den Orten Forst und Deidesheim.<\/p>\n<p>1899 zum Fabrikratspr\u00e4sidenten gew\u00e4hlt, hat er in einer, gemeinsam mit Pfarrer Dengel aus Lambsheim, beispiellosen Kombination zusammen- arbeitender Pers\u00f6nlichkeiten, den Bau der katholischen Kirche in Maxdorf m\u00f6glich gemacht.<\/p>\n<p>Er starb am 20. Mai 1932 in Maxdorf.<\/p>\n<p>Bericht: Ferdinand Fiedler<\/p>\n","protected":false},"excerpt":{"rendered":"<p>war das \u00e4lteste Kind von Johann Philipp B\u00fcgel und Anna Elisabeth Mildenberger und wurde am 19. April 1832 in Sondernheim bei Germersheim geboren. Als Staatsstra\u00dfenw\u00e4rter war er zuerst in Hardenburg t\u00e4tig und sp\u00e4ter in Maxdorf f\u00fcr die Stra\u00dfe zwischen Oggersheim und Maxdorf zust\u00e4ndig. Nach Maxdorf siedelte er in den 70er Jahren des 19. Jahrhunderts. Er &hellip; <\/p>\n<p><a class=\"more-link btn\" href=\"https:\/\/www.maxdorfer-geschichte.de\/?p=835\">Weiterlesen<\/a><\/p>\n","protected":false},"author":3,"featured_media":0,"comment_status":"open","ping_status":"open","sticky":false,"template":"","format":"standard","meta":{"advgb_blocks_editor_width":"","advgb_blocks_columns_visual_guide":"","footnotes":""},"categories":[1,9],"tags":[],"class_list":["post-835","post","type-post","status-publish","format-standard","hentry","category-allgemein","category-bekannte-maxdorfer","item-wrap"],"author_meta":{"display_name":"Bernd Lupberger","author_link":"https:\/\/www.maxdorfer-geschichte.de\/?author=3"},"featured_img":null,"coauthors":[],"tax_additional":{"categories":{"linked":["<a href=\"https:\/\/www.maxdorfer-geschichte.de\/?cat=1\" class=\"advgb-post-tax-term\">Allgemein<\/a>","<a href=\"https:\/\/www.maxdorfer-geschichte.de\/?cat=9\" class=\"advgb-post-tax-term\">Bekannte Maxdorfer<\/a>"],"unlinked":["<span class=\"advgb-post-tax-term\">Allgemein<\/span>","<span class=\"advgb-post-tax-term\">Bekannte Maxdorfer<\/span>"]}},"comment_count":"0","relative_dates":{"created":"Posted 8\u00a0Jahren ago","modified":"Updated 8\u00a0Jahren ago"},"absolute_dates":{"created":"Posted on 2. Juni 2018","modified":"Updated on 2. Juni 2018"},"absolute_dates_time":{"created":"Posted on 2. Juni 2018 11:52","modified":"Updated on 2. Juni 2018 11:55"},"featured_img_caption":"","series_order":"","_links":{"self":[{"href":"https:\/\/www.maxdorfer-geschichte.de\/index.php?rest_route=\/wp\/v2\/posts\/835","targetHints":{"allow":["GET"]}}],"collection":[{"href":"https:\/\/www.maxdorfer-geschichte.de\/index.php?rest_route=\/wp\/v2\/posts"}],"about":[{"href":"https:\/\/www.maxdorfer-geschichte.de\/index.php?rest_route=\/wp\/v2\/types\/post"}],"author":[{"embeddable":true,"href":"https:\/\/www.maxdorfer-geschichte.de\/index.php?rest_route=\/wp\/v2\/users\/3"}],"replies":[{"embeddable":true,"href":"https:\/\/www.maxdorfer-geschichte.de\/index.php?rest_route=%2Fwp%2Fv2%2Fcomments&post=835"}],"version-history":[{"count":3,"href":"https:\/\/www.maxdorfer-geschichte.de\/index.php?rest_route=\/wp\/v2\/posts\/835\/revisions"}],"predecessor-version":[{"id":1269,"href":"https:\/\/www.maxdorfer-geschichte.de\/index.php?rest_route=\/wp\/v2\/posts\/835\/revisions\/1269"}],"wp:attachment":[{"href":"https:\/\/www.maxdorfer-geschichte.de\/index.php?rest_route=%2Fwp%2Fv2%2Fmedia&parent=835"}],"wp:term":[{"taxonomy":"category","embeddable":true,"href":"https:\/\/www.maxdorfer-geschichte.de\/index.php?rest_route=%2Fwp%2Fv2%2Fcategories&post=835"},{"taxonomy":"post_tag","embeddable":true,"href":"https:\/\/www.maxdorfer-geschichte.de\/index.php?rest_route=%2Fwp%2Fv2%2Ftags&post=835"}],"curies":[{"name":"wp","href":"https:\/\/api.w.org\/{rel}","templated":true}]}}