{"id":794,"date":"2018-02-21T15:46:48","date_gmt":"2018-02-21T13:46:48","guid":{"rendered":"http:\/\/www.maxdorfer-geschichte.de\/?p=794"},"modified":"2018-02-21T15:46:48","modified_gmt":"2018-02-21T13:46:48","slug":"peter-ullrich","status":"publish","type":"post","link":"https:\/\/www.maxdorfer-geschichte.de\/?p=794","title":{"rendered":"Peter Ullrich"},"content":{"rendered":"<p><a href=\"http:\/\/www.maxdorfer-geschichte.de\/wp-content\/uploads\/2018\/02\/Peter_Ullrich.jpg\"><img loading=\"lazy\" decoding=\"async\" class=\"alignnone wp-image-797\" src=\"http:\/\/www.maxdorfer-geschichte.de\/wp-content\/uploads\/2018\/02\/Peter_Ullrich.jpg\" alt=\"\" width=\"172\" height=\"245\" srcset=\"https:\/\/www.maxdorfer-geschichte.de\/wp-content\/uploads\/2018\/02\/Peter_Ullrich.jpg 1280w, https:\/\/www.maxdorfer-geschichte.de\/wp-content\/uploads\/2018\/02\/Peter_Ullrich-211x300.jpg 211w, https:\/\/www.maxdorfer-geschichte.de\/wp-content\/uploads\/2018\/02\/Peter_Ullrich-768x1094.jpg 768w, https:\/\/www.maxdorfer-geschichte.de\/wp-content\/uploads\/2018\/02\/Peter_Ullrich-719x1024.jpg 719w\" sizes=\"auto, (max-width: 172px) 100vw, 172px\" \/><\/a><\/p>\n<p>wurde am 06.Mai 1887 in Frankelbach bei Olsbr\u00fccken als Sohn von Peter Ullrich und dessen Ehefrau Barbara Jung geboren.<\/p>\n<p>Seinen Beruf als Volksschullehrer \u00fcbte er mit gro\u00dfer Leidenschaft aus. Mit seiner Ehefrau Auguste Luisa Weber hatte er zwei Kinder.<\/p>\n<p>Nach seinen ersten Anstellungen in Kusel und Kaiserslautern wurde er 1928 nach Maxdorf versetzt. Bei seinen Sch\u00fclern war er als sehr strenger Lehrer gef\u00fcrchtet. Mit seiner urigen Art kam er in der Bev\u00f6lkerung aber trotzdem ganz gut an und war oft Mittelpunkt an den Stammtischen.<\/p>\n<p>Nach seiner Pensionierung, Anfang der 50er Jahre, zog er mit seiner Frau nach Kleinsteinhausen nahe der franz\u00f6sischen Grenze und verbrachte dort seinen Lebensabend.<\/p>\n<p>Peter Ullrich starb im Alter von 70 Jahren in Kleinsteinhausen.<\/p>\n<p>Bericht: Ferdinand Fiedler<\/p>\n","protected":false},"excerpt":{"rendered":"<p>wurde am 06.Mai 1887 in Frankelbach bei Olsbr\u00fccken als Sohn von Peter Ullrich und dessen Ehefrau Barbara Jung geboren. Seinen Beruf als Volksschullehrer \u00fcbte er mit gro\u00dfer Leidenschaft aus. Mit seiner Ehefrau Auguste Luisa Weber hatte er zwei Kinder. Nach seinen ersten Anstellungen in Kusel und Kaiserslautern wurde er 1928 nach Maxdorf versetzt. Bei seinen &hellip; <\/p>\n<p><a class=\"more-link btn\" href=\"https:\/\/www.maxdorfer-geschichte.de\/?p=794\">Weiterlesen<\/a><\/p>\n","protected":false},"author":3,"featured_media":0,"comment_status":"open","ping_status":"open","sticky":false,"template":"","format":"standard","meta":{"advgb_blocks_editor_width":"","advgb_blocks_columns_visual_guide":"","footnotes":""},"categories":[9],"tags":[65],"class_list":["post-794","post","type-post","status-publish","format-standard","hentry","category-bekannte-maxdorfer","tag-peter-ullrich-volksschullehrer","item-wrap"],"author_meta":{"display_name":"Bernd Lupberger","author_link":"https:\/\/www.maxdorfer-geschichte.de\/?author=3"},"featured_img":null,"coauthors":[],"tax_additional":{"categories":{"linked":["<a href=\"https:\/\/www.maxdorfer-geschichte.de\/?cat=9\" class=\"advgb-post-tax-term\">Bekannte Maxdorfer<\/a>"],"unlinked":["<span class=\"advgb-post-tax-term\">Bekannte Maxdorfer<\/span>"]},"tags":{"linked":["<a href=\"https:\/\/www.maxdorfer-geschichte.de\/?cat=9\" class=\"advgb-post-tax-term\">Peter Ullrich Volksschullehrer<\/a>"],"unlinked":["<span class=\"advgb-post-tax-term\">Peter Ullrich Volksschullehrer<\/span>"]}},"comment_count":"0","relative_dates":{"created":"Posted 8\u00a0Jahren ago","modified":"Updated 8\u00a0Jahren ago"},"absolute_dates":{"created":"Posted on 21. Februar 2018","modified":"Updated on 21. Februar 2018"},"absolute_dates_time":{"created":"Posted on 21. Februar 2018 15:46","modified":"Updated on 21. Februar 2018 15:46"},"featured_img_caption":"","series_order":"","_links":{"self":[{"href":"https:\/\/www.maxdorfer-geschichte.de\/index.php?rest_route=\/wp\/v2\/posts\/794","targetHints":{"allow":["GET"]}}],"collection":[{"href":"https:\/\/www.maxdorfer-geschichte.de\/index.php?rest_route=\/wp\/v2\/posts"}],"about":[{"href":"https:\/\/www.maxdorfer-geschichte.de\/index.php?rest_route=\/wp\/v2\/types\/post"}],"author":[{"embeddable":true,"href":"https:\/\/www.maxdorfer-geschichte.de\/index.php?rest_route=\/wp\/v2\/users\/3"}],"replies":[{"embeddable":true,"href":"https:\/\/www.maxdorfer-geschichte.de\/index.php?rest_route=%2Fwp%2Fv2%2Fcomments&post=794"}],"version-history":[{"count":4,"href":"https:\/\/www.maxdorfer-geschichte.de\/index.php?rest_route=\/wp\/v2\/posts\/794\/revisions"}],"predecessor-version":[{"id":1266,"href":"https:\/\/www.maxdorfer-geschichte.de\/index.php?rest_route=\/wp\/v2\/posts\/794\/revisions\/1266"}],"wp:attachment":[{"href":"https:\/\/www.maxdorfer-geschichte.de\/index.php?rest_route=%2Fwp%2Fv2%2Fmedia&parent=794"}],"wp:term":[{"taxonomy":"category","embeddable":true,"href":"https:\/\/www.maxdorfer-geschichte.de\/index.php?rest_route=%2Fwp%2Fv2%2Fcategories&post=794"},{"taxonomy":"post_tag","embeddable":true,"href":"https:\/\/www.maxdorfer-geschichte.de\/index.php?rest_route=%2Fwp%2Fv2%2Ftags&post=794"}],"curies":[{"name":"wp","href":"https:\/\/api.w.org\/{rel}","templated":true}]}}