{"id":694,"date":"2017-08-21T13:41:03","date_gmt":"2017-08-21T11:41:03","guid":{"rendered":"http:\/\/www.maxdorfer-geschichte.de\/?p=694"},"modified":"2018-02-14T10:04:11","modified_gmt":"2018-02-14T08:04:11","slug":"einladung-zur-ausstellung-mit-werken-von-alfred-doerner-in-maxdorf","status":"publish","type":"post","link":"https:\/\/www.maxdorfer-geschichte.de\/?p=694","title":{"rendered":"Einladung zur Ausstellung mit Werken von Adolf Doerner in Maxdorf"},"content":{"rendered":"<p>Der \u201eVerein f\u00fcr Geschichte und Kultur Maxdorf 2010 e.V. l\u00e4dt, gemeinsam mit dem Rhein-Pfalz-Kreis, zu einer Ausstellung mit Werken von Adolf Doerner ein.<\/p>\n<p><a href=\"http:\/\/www.maxdorfer-geschichte.de\/wp-content\/uploads\/2017\/08\/Plakat-D\u00f6rner-klein.jpg\"><img loading=\"lazy\" decoding=\"async\" class=\"alignnone size-full wp-image-696\" src=\"http:\/\/www.maxdorfer-geschichte.de\/wp-content\/uploads\/2017\/08\/Plakat-D\u00f6rner-klein.jpg\" alt=\"\" width=\"343\" height=\"480\" srcset=\"https:\/\/www.maxdorfer-geschichte.de\/wp-content\/uploads\/2017\/08\/Plakat-D\u00f6rner-klein.jpg 343w, https:\/\/www.maxdorfer-geschichte.de\/wp-content\/uploads\/2017\/08\/Plakat-D\u00f6rner-klein-214x300.jpg 214w\" sizes=\"auto, (max-width: 343px) 100vw, 343px\" \/><\/a><\/p>\n<p><!--more--><\/p>\n<p>Adolf Doerner war Maler und auch bekannt durch Wandbilder in mehreren Orten in der Region. So zum Beispiel in Maikammer, Niederkirchen, Heltersberg, Wattenheim, Nothweiler, Neidenfels, Ixheim, Schifferstadt, He\u00dfheim, Lambsheim und Babelroth.<\/p>\n<p>Nachdem Herr Wolfgang Kunz aus Maxdorf den Kontakt zur Familie des Malers herstellte, war es nur ein kleiner Schritt von der Idee bis zur Ausstellung (aber mit viel Arbeit verbunden), dem Maler des Wandbildes \u201eDie G\u00e4nseliesel\u201c, eine eigene Ausstellung zu widmen. Das Bild befand sich an einer Wand im Schulhof der im Jahre 1985 abgerissenen Schule in der Hauptstra\u00dfe.<\/p>\n<p>Adolf Doerner war vor allem durch das \u201eG\u00e4nseliesel\u201c allen Maxdorfer B\u00fcrgern und Sch\u00fclern ein Begriff. Weitere Bilder \u201eaus seiner Maxdorfer Zeit\u201c werden ebenfalls Gegenstand der Ausstellung sein.<\/p>\n<p>Gezeigt werden Portraits, Landschaften, Stillleben und Gem\u00e4lde aus seiner gesamten Schaffenszeit. Auch einige private Unterlagen wie Briefe oder Skizzen aus dem Umfeld der Familie sind Teil der Ausstellung.<\/p>\n<p>Die Ausstellung findet im Atelier seines Freundes Theobald Hauck in der Sohlstra\u00dfe 28 (hinter dem Rathaus) in Maxdorf statt.<\/p>\n<p><span style=\"color: #ff0000;\"><strong>Die Er\u00f6ffnungsveranstaltung ist am 10.September 2017 um 15:00 Uhr.<\/strong><\/span><\/p>\n<p>Musikalisch umrahmt wird die Er\u00f6ffnung vom Ensemble \u201eaccordeonissimo\u201c.<\/p>\n<p>Weitere \u00d6ffnungszeiten sind an den Wochenenden vom 16.\/17. sowie am 23.\/24.September jeweils von 14-18 Uhr.<\/p>\n<p>Wir freuen uns, dass auch zwei seiner in Maxdorf geborenen Kinder, er wohnte von 1931 bis 1934 in Maxdorf, zur Er\u00f6ffnungsveranstaltung anwesend sein wollen.<\/p>\n<p>Der Verein hofft auf regen Besuch und w\u00fcrde sich auf Unterst\u00fctzung f\u00fcr seine weitere Arbeit freuen.<\/p>\n","protected":false},"excerpt":{"rendered":"<p>Der \u201eVerein f\u00fcr Geschichte und Kultur Maxdorf 2010 e.V. l\u00e4dt, gemeinsam mit dem Rhein-Pfalz-Kreis, zu einer Ausstellung mit Werken von Adolf Doerner ein.<\/p><p><a class=\"more-link btn\" href=\"https:\/\/www.maxdorfer-geschichte.de\/?p=694\">Weiterlesen<\/a><\/p>\n","protected":false},"author":3,"featured_media":0,"comment_status":"open","ping_status":"open","sticky":false,"template":"","format":"standard","meta":{"advgb_blocks_editor_width":"","advgb_blocks_columns_visual_guide":"","footnotes":""},"categories":[13],"tags":[],"class_list":["post-694","post","type-post","status-publish","format-standard","hentry","category-kunst","item-wrap"],"author_meta":{"display_name":"Bernd Lupberger","author_link":"https:\/\/www.maxdorfer-geschichte.de\/?author=3"},"featured_img":null,"coauthors":[],"tax_additional":{"categories":{"linked":["<a href=\"https:\/\/www.maxdorfer-geschichte.de\/?cat=13\" class=\"advgb-post-tax-term\">Kunst<\/a>"],"unlinked":["<span class=\"advgb-post-tax-term\">Kunst<\/span>"]}},"comment_count":"0","relative_dates":{"created":"Posted 9\u00a0Jahren ago","modified":"Updated 8\u00a0Jahren ago"},"absolute_dates":{"created":"Posted on 21. August 2017","modified":"Updated on 14. Februar 2018"},"absolute_dates_time":{"created":"Posted on 21. August 2017 13:41","modified":"Updated on 14. Februar 2018 10:04"},"featured_img_caption":"","series_order":"","_links":{"self":[{"href":"https:\/\/www.maxdorfer-geschichte.de\/index.php?rest_route=\/wp\/v2\/posts\/694","targetHints":{"allow":["GET"]}}],"collection":[{"href":"https:\/\/www.maxdorfer-geschichte.de\/index.php?rest_route=\/wp\/v2\/posts"}],"about":[{"href":"https:\/\/www.maxdorfer-geschichte.de\/index.php?rest_route=\/wp\/v2\/types\/post"}],"author":[{"embeddable":true,"href":"https:\/\/www.maxdorfer-geschichte.de\/index.php?rest_route=\/wp\/v2\/users\/3"}],"replies":[{"embeddable":true,"href":"https:\/\/www.maxdorfer-geschichte.de\/index.php?rest_route=%2Fwp%2Fv2%2Fcomments&post=694"}],"version-history":[{"count":7,"href":"https:\/\/www.maxdorfer-geschichte.de\/index.php?rest_route=\/wp\/v2\/posts\/694\/revisions"}],"predecessor-version":[{"id":1256,"href":"https:\/\/www.maxdorfer-geschichte.de\/index.php?rest_route=\/wp\/v2\/posts\/694\/revisions\/1256"}],"wp:attachment":[{"href":"https:\/\/www.maxdorfer-geschichte.de\/index.php?rest_route=%2Fwp%2Fv2%2Fmedia&parent=694"}],"wp:term":[{"taxonomy":"category","embeddable":true,"href":"https:\/\/www.maxdorfer-geschichte.de\/index.php?rest_route=%2Fwp%2Fv2%2Fcategories&post=694"},{"taxonomy":"post_tag","embeddable":true,"href":"https:\/\/www.maxdorfer-geschichte.de\/index.php?rest_route=%2Fwp%2Fv2%2Ftags&post=694"}],"curies":[{"name":"wp","href":"https:\/\/api.w.org\/{rel}","templated":true}]}}