{"id":1861,"date":"2025-06-13T07:31:24","date_gmt":"2025-06-13T05:31:24","guid":{"rendered":"https:\/\/www.maxdorfer-geschichte.de\/?p=1861"},"modified":"2025-06-13T07:31:24","modified_gmt":"2025-06-13T05:31:24","slug":"ausstellung-stammbaeume-maxdorfer-familien","status":"publish","type":"post","link":"https:\/\/www.maxdorfer-geschichte.de\/?p=1861","title":{"rendered":"Ausstellung Stammb\u00e4ume Maxdorfer Familien"},"content":{"rendered":"\n<p>In der Zeit vom 19. &#8211; 21. Juni 2025 pr\u00e4sentiert der Verein f\u00fcr Geschichte und Kultur 2010 e.V. in der Johanneskirche, H\u00fcttenm\u00fcllerstra\u00dfe 35, 67133 Maxdorf eine Ausstellung von Stammb\u00e4umen ausgew\u00e4hlter Maxdorfer Familien. <\/p>\n\n\n\n<p><strong>Einf\u00fchrung in die Ausstellung ist am 19. Juni um 14:00 Uhr.<\/strong><\/p>\n\n\n\n<p>Der Eintritt ist frei, wir freuen uns. auf Sie!<\/p>\n\n\n\n<div data-wp-interactive=\"core\/file\" class=\"wp-block-file\"><object data-wp-bind--hidden=\"!state.hasPdfPreview\" hidden class=\"wp-block-file__embed\" data=\"https:\/\/www.maxdorfer-geschichte.de\/wp-content\/uploads\/2025\/06\/2025-06-Plakat_Ausstellung-Stammbaeume.pdf\" type=\"application\/pdf\" style=\"width:100%;height:600px\" aria-label=\"Einbettung von 2025-06 Plakat_Ausstellung Stammb\u00e4ume.\"><\/object><a id=\"wp-block-file--media-86cb5a3c-7966-4996-8a3b-c1754f247996\" href=\"https:\/\/www.maxdorfer-geschichte.de\/wp-content\/uploads\/2025\/06\/2025-06-Plakat_Ausstellung-Stammbaeume.pdf\">2025-06 Plakat_Ausstellung Stammb\u00e4ume<\/a><a href=\"https:\/\/www.maxdorfer-geschichte.de\/wp-content\/uploads\/2025\/06\/2025-06-Plakat_Ausstellung-Stammbaeume.pdf\" class=\"wp-block-file__button wp-element-button\" download aria-describedby=\"wp-block-file--media-86cb5a3c-7966-4996-8a3b-c1754f247996\">Herunterladen<\/a><\/div>\n","protected":false},"excerpt":{"rendered":"<p>In der Zeit vom 19. &#8211; 21. Juni 2025 pr\u00e4sentiert der Verein f\u00fcr Geschichte und Kultur 2010 e.V. in der Johanneskirche, H\u00fcttenm\u00fcllerstra\u00dfe 35, 67133 Maxdorf eine Ausstellung von Stammb\u00e4umen ausgew\u00e4hlter Maxdorfer Familien. Einf\u00fchrung in die Ausstellung ist am 19. Juni um 14:00 Uhr. Der Eintritt ist frei, wir freuen uns. auf Sie!<\/p>\n","protected":false},"author":3,"featured_media":0,"comment_status":"closed","ping_status":"closed","sticky":false,"template":"","format":"standard","meta":{"advgb_blocks_editor_width":"","advgb_blocks_columns_visual_guide":"","footnotes":""},"categories":[1,9,81],"tags":[18,178],"class_list":["post-1861","post","type-post","status-publish","format-standard","hentry","category-allgemein","category-bekannte-maxdorfer","category-veranstaltungen","tag-ausstellung","tag-stammbaeume","item-wrap"],"author_meta":{"display_name":"Bernd Lupberger","author_link":"https:\/\/www.maxdorfer-geschichte.de\/?author=3"},"featured_img":null,"coauthors":[],"tax_additional":{"categories":{"linked":["<a href=\"https:\/\/www.maxdorfer-geschichte.de\/?cat=1\" class=\"advgb-post-tax-term\">Allgemein<\/a>","<a href=\"https:\/\/www.maxdorfer-geschichte.de\/?cat=9\" class=\"advgb-post-tax-term\">Bekannte Maxdorfer<\/a>","<a href=\"https:\/\/www.maxdorfer-geschichte.de\/?cat=81\" class=\"advgb-post-tax-term\">Veranstaltungen<\/a>"],"unlinked":["<span class=\"advgb-post-tax-term\">Allgemein<\/span>","<span class=\"advgb-post-tax-term\">Bekannte Maxdorfer<\/span>","<span class=\"advgb-post-tax-term\">Veranstaltungen<\/span>"]},"tags":{"linked":["<a href=\"https:\/\/www.maxdorfer-geschichte.de\/?cat=81\" class=\"advgb-post-tax-term\">Ausstellung<\/a>","<a href=\"https:\/\/www.maxdorfer-geschichte.de\/?cat=81\" class=\"advgb-post-tax-term\">Stammb\u00e4ume<\/a>"],"unlinked":["<span class=\"advgb-post-tax-term\">Ausstellung<\/span>","<span class=\"advgb-post-tax-term\">Stammb\u00e4ume<\/span>"]}},"comment_count":"0","relative_dates":{"created":"Posted 11\u00a0Monaten ago","modified":"Updated 11\u00a0Monaten ago"},"absolute_dates":{"created":"Posted on 13. Juni 2025","modified":"Updated on 13. Juni 2025"},"absolute_dates_time":{"created":"Posted on 13. Juni 2025 07:31","modified":"Updated on 13. Juni 2025 07:31"},"featured_img_caption":"","series_order":"","_links":{"self":[{"href":"https:\/\/www.maxdorfer-geschichte.de\/index.php?rest_route=\/wp\/v2\/posts\/1861","targetHints":{"allow":["GET"]}}],"collection":[{"href":"https:\/\/www.maxdorfer-geschichte.de\/index.php?rest_route=\/wp\/v2\/posts"}],"about":[{"href":"https:\/\/www.maxdorfer-geschichte.de\/index.php?rest_route=\/wp\/v2\/types\/post"}],"author":[{"embeddable":true,"href":"https:\/\/www.maxdorfer-geschichte.de\/index.php?rest_route=\/wp\/v2\/users\/3"}],"replies":[{"embeddable":true,"href":"https:\/\/www.maxdorfer-geschichte.de\/index.php?rest_route=%2Fwp%2Fv2%2Fcomments&post=1861"}],"version-history":[{"count":2,"href":"https:\/\/www.maxdorfer-geschichte.de\/index.php?rest_route=\/wp\/v2\/posts\/1861\/revisions"}],"predecessor-version":[{"id":1864,"href":"https:\/\/www.maxdorfer-geschichte.de\/index.php?rest_route=\/wp\/v2\/posts\/1861\/revisions\/1864"}],"wp:attachment":[{"href":"https:\/\/www.maxdorfer-geschichte.de\/index.php?rest_route=%2Fwp%2Fv2%2Fmedia&parent=1861"}],"wp:term":[{"taxonomy":"category","embeddable":true,"href":"https:\/\/www.maxdorfer-geschichte.de\/index.php?rest_route=%2Fwp%2Fv2%2Fcategories&post=1861"},{"taxonomy":"post_tag","embeddable":true,"href":"https:\/\/www.maxdorfer-geschichte.de\/index.php?rest_route=%2Fwp%2Fv2%2Ftags&post=1861"}],"curies":[{"name":"wp","href":"https:\/\/api.w.org\/{rel}","templated":true}]}}