{"id":1504,"date":"2021-03-29T13:06:13","date_gmt":"2021-03-29T11:06:13","guid":{"rendered":"https:\/\/www.maxdorfer-geschichte.de\/?p=1504"},"modified":"2021-03-29T13:08:06","modified_gmt":"2021-03-29T11:08:06","slug":"6-mai-1819-die-colonie-auf-dem-holzhof-erhaelt-ihren-namen","status":"publish","type":"post","link":"https:\/\/www.maxdorfer-geschichte.de\/?p=1504","title":{"rendered":"6. Mai 1819: Die Colonie auf dem Holzhof erh\u00e4lt ihren Namen."},"content":{"rendered":"\n<p><strong>Festrede von J\u00f6rg Kreutz zum 200. Geburtstag von Maxdorf<\/strong><\/p>\n\n\n<a href=\"https:\/\/www.maxdorfer-geschichte.de\/wp-content\/uploads\/2021\/03\/Festschrift_Wilhelm_Kreutz_12_Kreutz_Joerg.pdf\" class=\"pdfemb-viewer\" style=\"\" data-width=\"max\" data-height=\"max\" data-toolbar=\"bottom\" data-toolbar-fixed=\"off\">Festschrift_Wilhelm_Kreutz_12_Kreutz_Joerg<\/a>\n<p class=\"wp-block-pdfemb-pdf-embedder-viewer\"><\/p>\n\n\n\n<p>Sonderdruck aus dem Sammelband <\/p>\n\n\n\n<p><strong>Beitr\u00e4ge zur Kultur-, politischen Ideen- und s\u00fcdwestdeutschen Landesgeschichte<\/strong><br><\/p>\n\n\n\n<p>Festschrift f\u00fcr Wilhelm Kreutz zum 70. Geburtstag<br><\/p>\n\n\n\n<p>Herausgegeben von Hermann Wiegand, Hiram K\u00fcmper und J\u00f6rg Kreutz<\/p>\n\n\n\n<p>Verlag Regionalkultur ISBN 978-3-95505-251-5<\/p>\n","protected":false},"excerpt":{"rendered":"<p>Festrede von J\u00f6rg Kreutz zum 200. Geburtstag von Maxdorf Sonderdruck aus dem Sammelband Beitr\u00e4ge zur Kultur-, politischen Ideen- und s\u00fcdwestdeutschen Landesgeschichte Festschrift f\u00fcr Wilhelm Kreutz zum 70. Geburtstag Herausgegeben von Hermann Wiegand, Hiram K\u00fcmper und J\u00f6rg Kreutz Verlag Regionalkultur ISBN 978-3-95505-251-5<\/p>\n","protected":false},"author":3,"featured_media":0,"comment_status":"open","ping_status":"open","sticky":false,"template":"","format":"standard","meta":{"advgb_blocks_editor_width":"","advgb_blocks_columns_visual_guide":"","footnotes":""},"categories":[1,6,48],"tags":[126,125],"class_list":["post-1504","post","type-post","status-publish","format-standard","hentry","category-allgemein","category-historisches-aus-der-region","category-wissenswertes","tag-200-jahre-maxdorf","tag-festrede","item-wrap"],"author_meta":{"display_name":"Bernd Lupberger","author_link":"https:\/\/www.maxdorfer-geschichte.de\/?author=3"},"featured_img":null,"coauthors":[],"tax_additional":{"categories":{"linked":["<a href=\"https:\/\/www.maxdorfer-geschichte.de\/?cat=1\" class=\"advgb-post-tax-term\">Allgemein<\/a>","<a href=\"https:\/\/www.maxdorfer-geschichte.de\/?cat=6\" class=\"advgb-post-tax-term\">Historisches aus der Region<\/a>","<a href=\"https:\/\/www.maxdorfer-geschichte.de\/?cat=48\" class=\"advgb-post-tax-term\">Wissenswertes<\/a>"],"unlinked":["<span class=\"advgb-post-tax-term\">Allgemein<\/span>","<span class=\"advgb-post-tax-term\">Historisches aus der Region<\/span>","<span class=\"advgb-post-tax-term\">Wissenswertes<\/span>"]},"tags":{"linked":["<a href=\"https:\/\/www.maxdorfer-geschichte.de\/?cat=48\" class=\"advgb-post-tax-term\">200 Jahre Maxdorf<\/a>","<a href=\"https:\/\/www.maxdorfer-geschichte.de\/?cat=48\" class=\"advgb-post-tax-term\">Festrede<\/a>"],"unlinked":["<span class=\"advgb-post-tax-term\">200 Jahre Maxdorf<\/span>","<span class=\"advgb-post-tax-term\">Festrede<\/span>"]}},"comment_count":"0","relative_dates":{"created":"Posted 5\u00a0Jahren ago","modified":"Updated 5\u00a0Jahren ago"},"absolute_dates":{"created":"Posted on 29. M\u00e4rz 2021","modified":"Updated on 29. M\u00e4rz 2021"},"absolute_dates_time":{"created":"Posted on 29. M\u00e4rz 2021 13:06","modified":"Updated on 29. M\u00e4rz 2021 13:08"},"featured_img_caption":"","series_order":"","_links":{"self":[{"href":"https:\/\/www.maxdorfer-geschichte.de\/index.php?rest_route=\/wp\/v2\/posts\/1504","targetHints":{"allow":["GET"]}}],"collection":[{"href":"https:\/\/www.maxdorfer-geschichte.de\/index.php?rest_route=\/wp\/v2\/posts"}],"about":[{"href":"https:\/\/www.maxdorfer-geschichte.de\/index.php?rest_route=\/wp\/v2\/types\/post"}],"author":[{"embeddable":true,"href":"https:\/\/www.maxdorfer-geschichte.de\/index.php?rest_route=\/wp\/v2\/users\/3"}],"replies":[{"embeddable":true,"href":"https:\/\/www.maxdorfer-geschichte.de\/index.php?rest_route=%2Fwp%2Fv2%2Fcomments&post=1504"}],"version-history":[{"count":5,"href":"https:\/\/www.maxdorfer-geschichte.de\/index.php?rest_route=\/wp\/v2\/posts\/1504\/revisions"}],"predecessor-version":[{"id":1510,"href":"https:\/\/www.maxdorfer-geschichte.de\/index.php?rest_route=\/wp\/v2\/posts\/1504\/revisions\/1510"}],"wp:attachment":[{"href":"https:\/\/www.maxdorfer-geschichte.de\/index.php?rest_route=%2Fwp%2Fv2%2Fmedia&parent=1504"}],"wp:term":[{"taxonomy":"category","embeddable":true,"href":"https:\/\/www.maxdorfer-geschichte.de\/index.php?rest_route=%2Fwp%2Fv2%2Fcategories&post=1504"},{"taxonomy":"post_tag","embeddable":true,"href":"https:\/\/www.maxdorfer-geschichte.de\/index.php?rest_route=%2Fwp%2Fv2%2Ftags&post=1504"}],"curies":[{"name":"wp","href":"https:\/\/api.w.org\/{rel}","templated":true}]}}