{"id":1363,"date":"2020-06-25T09:10:26","date_gmt":"2020-06-25T07:10:26","guid":{"rendered":"http:\/\/www.maxdorfer-geschichte.de\/?p=1363"},"modified":"2020-06-25T09:17:26","modified_gmt":"2020-06-25T07:17:26","slug":"schwarz-auf-weiss-entstehungsort-der-fotoaufnahmen-gelueftet","status":"publish","type":"post","link":"https:\/\/www.maxdorfer-geschichte.de\/?p=1363","title":{"rendered":"Schwarz auf Wei\u00df &#8211; Entstehungsort der Fotoaufnahmen gel\u00fcftet!"},"content":{"rendered":"\n<p>Auf alten Schulbildern\/Fotos von Maxdorf, mit den Sch\u00fclern der jeweiligen Jahrg\u00e4nge, ist im Hintergrund immer ein gro\u00dfes Tor mit kleineren Einzelt\u00fcren zu sehen.<\/p>\n\n\n\n<figure class=\"wp-block-image size-large\"><img loading=\"lazy\" decoding=\"async\" width=\"1024\" height=\"723\" src=\"http:\/\/www.maxdorfer-geschichte.de\/wp-content\/uploads\/2020\/06\/Schulbild-1024x723.jpg\" alt=\"\" class=\"wp-image-1364\" srcset=\"https:\/\/www.maxdorfer-geschichte.de\/wp-content\/uploads\/2020\/06\/Schulbild-1024x723.jpg 1024w, https:\/\/www.maxdorfer-geschichte.de\/wp-content\/uploads\/2020\/06\/Schulbild-300x212.jpg 300w, https:\/\/www.maxdorfer-geschichte.de\/wp-content\/uploads\/2020\/06\/Schulbild-768x542.jpg 768w, https:\/\/www.maxdorfer-geschichte.de\/wp-content\/uploads\/2020\/06\/Schulbild.jpg 1386w\" sizes=\"auto, (max-width: 1024px) 100vw, 1024px\" \/><figcaption>Schulbild von 1919 \/ 1920<\/figcaption><\/figure>\n\n\n\n<p>Da es keine Hinweise auf den Ort der Aufnahme gab, hatten wir dazu aufgerufen und darum gebeten, uns bei der Bestimmung des Scheunentores behilflich zu sein.<\/p>\n\n\n\n<p>Das Schulgeb\u00e4ude in der Hauptstra\u00dfe existiert ja leider nicht mehr und niemand erinnerte sich mehr an eine Scheune.<\/p>\n\n\n\n<p>Wir vermuteten, dass die Aufnahmen in der Schule oder in der N\u00e4he des Schul-geb\u00e4udes entstanden sein mussten.<\/p>\n\n\n\n<p>Leider war niemand in der Lage unsere Frage zu beantworten.<\/p>\n\n\n\n<p>Jetzt ist die Aufl\u00f6sung gelungen!<\/p>\n\n\n\n<p>In einem kleinen Heftchen mit dem Titel: \u201eDie Maxdorfer Volksschule und ihre Lehrer im vorigen Jahrhundert\u201c, des Heimatforschers Johannes Hahn ist des R\u00e4tsels L\u00f6sung zu finden. Er erz\u00e4hlt darin aus seinen Erinnerungen an die Schulzeit und die Lehrer der damaligen Schule. Darin kann man auf Seite 7 folgendes lesen: \u201eAuf der R\u00fcckseite des Schulhauses waren der Schulhof und dahinter, dazugeh\u00f6rig, noch Scheune und Stall\u201c.<\/p>\n\n\n\n<p>Wir k\u00f6nnen so erfahren, dass es in der damaligen Zeit \u00fcblich war, dass auf dem Land die meisten Schulen eine Scheune mit Stall, sowie einen Schulgarten hatten. Die Lehrer hatten im Schulgeb\u00e4ude eine Dienstwohnung und betrieben neben-beruflich noch Landwirtschaft, um ihr Gehalt aufzubessern.<\/p>\n\n\n\n<p>1933 als die Sch\u00fclerzahlen gr\u00f6\u00dfer wurden, hat man Stall und Scheune abgerissen<\/p>\n\n\n\n<p>und den dadurch gewonnenen Platz dem Schulhof zugeschlagen. Auch den \u201eNachtw\u00e4chtersgarten\u201c, welcher vom jeweiligen Nachtw\u00e4chter der Gemeinde bepflanzt wurde, hat man zum Schulhof dazu genommen. Eine gr\u00f6\u00dfere Toilettenanlage konnte ebenso verwirklicht werden. Eine Skizze mit dem Grundriss des Schulgel\u00e4ndes in der Hauptstra\u00dfe in Maxdorf ist auf Seite 8 des kleinen Heftchens ebenfalls abgebildet. Jetzt sind wir auch in der Lage, die damalige Situation des Schulgel\u00e4ndes nachzuvollziehen.<\/p>\n\n\n\n<figure class=\"wp-block-image size-large\"><img loading=\"lazy\" decoding=\"async\" width=\"907\" height=\"661\" src=\"http:\/\/www.maxdorfer-geschichte.de\/wp-content\/uploads\/2020\/06\/Skizze_Schule.jpg\" alt=\"\" class=\"wp-image-1365\" srcset=\"https:\/\/www.maxdorfer-geschichte.de\/wp-content\/uploads\/2020\/06\/Skizze_Schule.jpg 907w, https:\/\/www.maxdorfer-geschichte.de\/wp-content\/uploads\/2020\/06\/Skizze_Schule-300x219.jpg 300w, https:\/\/www.maxdorfer-geschichte.de\/wp-content\/uploads\/2020\/06\/Skizze_Schule-768x560.jpg 768w\" sizes=\"auto, (max-width: 907px) 100vw, 907px\" \/><figcaption>Skizze des ehemaligen Schulgel\u00e4ndes in der Hauptstra\u00dfe<\/figcaption><\/figure>\n\n\n\n<p><strong>Dies verdeutlicht, wie wichtig es ist, m\u00f6glichst viele Gegebenheiten aus unserer d\u00f6rflichen Geschichte niederzuschreiben und f\u00fcr die k\u00fcnftigen Generationen zu erhalten.<\/strong><\/p>\n\n\n\n<p>Bericht: Ferdinand Fiedler<\/p>\n\n\n\n<p>Quelle: Erz\u00e4hlungen von Johannes Hahn<\/p>\n\n\n\n<p>Foto: Verein f\u00fcr Geschichte<\/p>\n\n\n\n<p>Skizze: Johannes Hahn<\/p>\n","protected":false},"excerpt":{"rendered":"<p>Auf alten Schulbildern\/Fotos von Maxdorf, mit den Sch\u00fclern der jeweiligen Jahrg\u00e4nge, ist im Hintergrund immer ein gro\u00dfes Tor mit kleineren Einzelt\u00fcren zu sehen. Da es keine Hinweise auf den Ort der Aufnahme gab, hatten wir dazu aufgerufen und darum gebeten, uns bei der Bestimmung des Scheunentores behilflich zu sein. Das Schulgeb\u00e4ude in der Hauptstra\u00dfe existiert &hellip; <\/p>\n<p><a class=\"more-link btn\" href=\"https:\/\/www.maxdorfer-geschichte.de\/?p=1363\">Weiterlesen<\/a><\/p>\n","protected":false},"author":3,"featured_media":0,"comment_status":"open","ping_status":"open","sticky":false,"template":"","format":"standard","meta":{"advgb_blocks_editor_width":"","advgb_blocks_columns_visual_guide":"","footnotes":""},"categories":[5],"tags":[110,109],"class_list":["post-1363","post","type-post","status-publish","format-standard","hentry","category-alte-fotografien","tag-schulfotos","tag-schulgelaende","item-wrap"],"author_meta":{"display_name":"Bernd Lupberger","author_link":"https:\/\/www.maxdorfer-geschichte.de\/?author=3"},"featured_img":null,"coauthors":[],"tax_additional":{"categories":{"linked":["<a href=\"https:\/\/www.maxdorfer-geschichte.de\/?cat=5\" class=\"advgb-post-tax-term\">Alte Fotografien<\/a>"],"unlinked":["<span class=\"advgb-post-tax-term\">Alte Fotografien<\/span>"]},"tags":{"linked":["<a href=\"https:\/\/www.maxdorfer-geschichte.de\/?cat=5\" class=\"advgb-post-tax-term\">Schulfotos<\/a>","<a href=\"https:\/\/www.maxdorfer-geschichte.de\/?cat=5\" class=\"advgb-post-tax-term\">Schulgel\u00e4nde<\/a>"],"unlinked":["<span class=\"advgb-post-tax-term\">Schulfotos<\/span>","<span class=\"advgb-post-tax-term\">Schulgel\u00e4nde<\/span>"]}},"comment_count":"0","relative_dates":{"created":"Ver\u00f6ffentlicht 6\u00a0Jahren vor","modified":"Aktualisiert 6\u00a0Jahren vor"},"absolute_dates":{"created":"Ver\u00f6ffentlicht am 25. Juni 2020","modified":"Aktualisiert am 25. Juni 2020"},"absolute_dates_time":{"created":"Ver\u00f6ffentlicht am 25. Juni 2020 09:10","modified":"Aktualisiert am 25. Juni 2020 09:17"},"featured_img_caption":"","series_order":"","_links":{"self":[{"href":"https:\/\/www.maxdorfer-geschichte.de\/index.php?rest_route=\/wp\/v2\/posts\/1363","targetHints":{"allow":["GET"]}}],"collection":[{"href":"https:\/\/www.maxdorfer-geschichte.de\/index.php?rest_route=\/wp\/v2\/posts"}],"about":[{"href":"https:\/\/www.maxdorfer-geschichte.de\/index.php?rest_route=\/wp\/v2\/types\/post"}],"author":[{"embeddable":true,"href":"https:\/\/www.maxdorfer-geschichte.de\/index.php?rest_route=\/wp\/v2\/users\/3"}],"replies":[{"embeddable":true,"href":"https:\/\/www.maxdorfer-geschichte.de\/index.php?rest_route=%2Fwp%2Fv2%2Fcomments&post=1363"}],"version-history":[{"count":5,"href":"https:\/\/www.maxdorfer-geschichte.de\/index.php?rest_route=\/wp\/v2\/posts\/1363\/revisions"}],"predecessor-version":[{"id":1370,"href":"https:\/\/www.maxdorfer-geschichte.de\/index.php?rest_route=\/wp\/v2\/posts\/1363\/revisions\/1370"}],"wp:attachment":[{"href":"https:\/\/www.maxdorfer-geschichte.de\/index.php?rest_route=%2Fwp%2Fv2%2Fmedia&parent=1363"}],"wp:term":[{"taxonomy":"category","embeddable":true,"href":"https:\/\/www.maxdorfer-geschichte.de\/index.php?rest_route=%2Fwp%2Fv2%2Fcategories&post=1363"},{"taxonomy":"post_tag","embeddable":true,"href":"https:\/\/www.maxdorfer-geschichte.de\/index.php?rest_route=%2Fwp%2Fv2%2Ftags&post=1363"}],"curies":[{"name":"wp","href":"https:\/\/api.w.org\/{rel}","templated":true}]}}